{"id":28,"date":"2008-01-01T07:11:38","date_gmt":"2008-01-01T07:11:38","guid":{"rendered":"http:\/\/ihmuseo.fi\/wp\/?p=28"},"modified":"2014-01-24T10:23:19","modified_gmt":"2014-01-24T10:23:19","slug":"nayttely-2008-tulta-pain","status":"publish","type":"post","link":"https:\/\/ihmuseo.fi\/?p=28","title":{"rendered":"N\u00e4yttely 2008: Tulta p\u00e4in"},"content":{"rendered":"<p>Tulta p\u00e4in &#8211; Hartolan palokunnan 70 vuotisn\u00e4yttely oli esill\u00e4 vuonna 2008.<\/p>\n<p>N\u00e4yttely kertoi Hartolan palokunnan 70 vuotisesta toiminnasta ja vpk:sta<\/p>\n<p>N\u00e4yttely oli esill\u00e4 29.2. &#8211; 30.12.2008 Koskip\u00e4\u00e4n kartanon p\u00e4\u00e4rakennuksen yl\u00e4kerran n\u00e4yttelytilassa.<\/p>\n<div id=\"attachment_29\" style=\"width: 294px\" class=\"wp-caption alignnone\"><a href=\"http:\/\/ihmuseo.fi\/wp\/wp-content\/uploads\/2014\/01\/palokunta2.jpg\"><img aria-describedby=\"caption-attachment-29\" decoding=\"async\" loading=\"lazy\" class=\"size-full wp-image-29\" title=\"Palokunta ty\u00f6ss\u00e4\u00e4n.\" alt=\"palokunta2\" src=\"http:\/\/ihmuseo.fi\/wp\/wp-content\/uploads\/2014\/01\/palokunta2.jpg\" width=\"284\" height=\"220\" \/><\/a><p id=\"caption-attachment-29\" class=\"wp-caption-text\">Palokunta ty\u00f6ss\u00e4\u00e4n.<\/p><\/div>\n<div id=\"attachment_30\" style=\"width: 307px\" class=\"wp-caption alignnone\"><a href=\"http:\/\/ihmuseo.fi\/wp\/wp-content\/uploads\/2014\/01\/palokunta.jpg\"><img aria-describedby=\"caption-attachment-30\" decoding=\"async\" loading=\"lazy\" class=\"size-medium wp-image-30\" title=\"J\u00e4lkisammutusta.\" alt=\"palokunta\" src=\"http:\/\/ihmuseo.fi\/wp\/wp-content\/uploads\/2014\/01\/palokunta-297x300.jpg\" width=\"297\" height=\"300\" srcset=\"https:\/\/ihmuseo.fi\/wp\/wp-content\/uploads\/2014\/01\/palokunta-297x300.jpg 297w, https:\/\/ihmuseo.fi\/wp\/wp-content\/uploads\/2014\/01\/palokunta.jpg 398w\" sizes=\"(max-width: 297px) 100vw, 297px\" \/><\/a><p id=\"caption-attachment-30\" class=\"wp-caption-text\">J\u00e4lkisammutusta.<\/p><\/div>\n<p>&nbsp;<\/p>\n","protected":false},"excerpt":{"rendered":"<p>Tulta p\u00e4in &#8211; Hartolan palokunnan 70 vuotisn\u00e4yttely oli esill\u00e4 vuonna 2008. N\u00e4yttely kertoi Hartolan palokunnan 70 vuotisesta toiminnasta ja vpk:sta N\u00e4yttely oli esill\u00e4 29.2. &#8211; 30.12.2008 Koskip\u00e4\u00e4n kartanon p\u00e4\u00e4rakennuksen yl\u00e4kerran n\u00e4yttelytilassa. &nbsp;<\/p>\n","protected":false},"author":1,"featured_media":0,"comment_status":"closed","ping_status":"open","sticky":false,"template":"","format":"standard","meta":[],"categories":[1],"tags":[],"_links":{"self":[{"href":"https:\/\/ihmuseo.fi\/index.php?rest_route=\/wp\/v2\/posts\/28"}],"collection":[{"href":"https:\/\/ihmuseo.fi\/index.php?rest_route=\/wp\/v2\/posts"}],"about":[{"href":"https:\/\/ihmuseo.fi\/index.php?rest_route=\/wp\/v2\/types\/post"}],"author":[{"embeddable":true,"href":"https:\/\/ihmuseo.fi\/index.php?rest_route=\/wp\/v2\/users\/1"}],"replies":[{"embeddable":true,"href":"https:\/\/ihmuseo.fi\/index.php?rest_route=%2Fwp%2Fv2%2Fcomments&post=28"}],"version-history":[{"count":1,"href":"https:\/\/ihmuseo.fi\/index.php?rest_route=\/wp\/v2\/posts\/28\/revisions"}],"predecessor-version":[{"id":31,"href":"https:\/\/ihmuseo.fi\/index.php?rest_route=\/wp\/v2\/posts\/28\/revisions\/31"}],"wp:attachment":[{"href":"https:\/\/ihmuseo.fi\/index.php?rest_route=%2Fwp%2Fv2%2Fmedia&parent=28"}],"wp:term":[{"taxonomy":"category","embeddable":true,"href":"https:\/\/ihmuseo.fi\/index.php?rest_route=%2Fwp%2Fv2%2Fcategories&post=28"},{"taxonomy":"post_tag","embeddable":true,"href":"https:\/\/ihmuseo.fi\/index.php?rest_route=%2Fwp%2Fv2%2Ftags&post=28"}],"curies":[{"name":"wp","href":"https:\/\/api.w.org\/{rel}","templated":true}]}}